{"id":1289,"date":"2019-05-30T20:36:51","date_gmt":"2019-05-30T18:36:51","guid":{"rendered":"https:\/\/cachtickyhrad.eu\/?p=1289"},"modified":"2019-05-30T20:42:06","modified_gmt":"2019-05-30T18:42:06","slug":"den-deti-maok","status":"publish","type":"post","link":"https:\/\/cachtickyhrad.eu\/en\/den-deti-maok\/","title":{"rendered":"Den det\u00ed\/MAOK"},"content":{"rendered":"<figure class=\"wp-block-image\"><img fetchpriority=\"high\" decoding=\"async\" width=\"724\" height=\"1024\" src=\"https:\/\/cachtickyhrad.eu\/wp-content\/uploads\/2019\/05\/MDD_Maok_2019_hrad-724x1024.jpg\" alt=\"\" class=\"wp-image-1291\" srcset=\"https:\/\/cachtickyhrad.eu\/wp-content\/uploads\/2019\/05\/MDD_Maok_2019_hrad-724x1024.jpg 724w, https:\/\/cachtickyhrad.eu\/wp-content\/uploads\/2019\/05\/MDD_Maok_2019_hrad-212x300.jpg 212w, https:\/\/cachtickyhrad.eu\/wp-content\/uploads\/2019\/05\/MDD_Maok_2019_hrad-768x1086.jpg 768w\" sizes=\"(max-width: 724px) 100vw, 724px\" \/><\/figure>\n\n\n\n<p>Po roku V\u00e1s \u010dak\u00e1 op\u00e4\u0165 na na\u0161om hrade Stredovek\u00fd de\u0148 det\u00ed. Tento rok V\u00e1s \u010dak\u00e1me <strong>8.6 &#8211; 9.6.2019 od 10:00 do 18:00<\/strong>.<br> <br><strong> Na \u010do sa m\u00f4\u017eete te\u0161i\u0165? <\/strong><br> R\u00f4zne atrakcie pre deti.<br> Na\u0161i sprievodcovia V\u00e1s preved\u00fa hradom.<br> 9. j\u00fan &#8211; Castrum Bathory lukostreleck\u00fd turnaj<\/p>\n\n\n\n<p><br> <strong>A na \u010dom si pochutn\u00e1te Vy aj Va\u0161i rodi\u010dia ? <\/strong><br> Na Kr\u00e1\u013eovskej \u010dokol\u00e1de, ovocn\u00fdch v\u00ednkach od Ovocin\u00e1ra zo Skalice, chutnej k\u00e1vi\u010dke, pra\u017een\u00fdch orie\u0161koch v&nbsp;karameli a mnoh\u00fdch in\u00fdch dobrot\u00e1ch.<\/p>\n\n\n\n<p>Sobota <strong>8. j\u00fana 2019 o 20:00 \u2013 22:00<\/strong> &#8211;  n\u00e1s \u010dak\u00e1 vyst\u00fapenie <strong>MAOK na \u010cachtickom hrade<\/strong> po zotmen\u00ed <\/p>\n\n\n\n<p>Facebook udalosti:<br>&#8211; <a href=\"https:\/\/www.facebook.com\/events\/401994637321092\/\" target=\"_blank\" rel=\"noreferrer noopener\" aria-label=\"Stredovek\u00fd de\u0148 det\u00ed na \u010cachtickom hrade (otvor\u00ed sa v novej karte)\">Stredovek\u00fd de\u0148 det\u00ed na \u010cachtickom hrade<\/a><br>&#8211; <a rel=\"noreferrer noopener\" aria-label=\"Castrum Bathory lukostreleck\u00fd turnaj (otvor\u00ed sa v novej karte)\" href=\"https:\/\/www.facebook.com\/events\/372654846916461\/\" target=\"_blank\">Castrum Bathory lukostreleck\u00fd turnaj<\/a><br>&#8211; <a rel=\"noreferrer noopener\" aria-label=\"MAOK na \u010cachtickom hrade (otvor\u00ed sa v novej karte)\" href=\"https:\/\/www.facebook.com\/events\/2640851659318536\/\" target=\"_blank\">MAOK na \u010cachtickom hrade<\/a><\/p>","protected":false},"excerpt":{"rendered":"<p>Po roku V\u00e1s \u010dak\u00e1 op\u00e4\u0165 na na\u0161om hrade Stredovek\u00fd de\u0148 det\u00ed. Tento rok V\u00e1s \u010dak\u00e1me 8.6 &#8211; 9.6.2019 od 10:00 do 18:00. Na \u010do sa m\u00f4\u017eete te\u0161i\u0165? R\u00f4zne atrakcie pre deti. Na\u0161i sprievodcovia V\u00e1s preved\u00fa hradom. 9. j\u00fan &#8211; Castrum Bathory lukostreleck\u00fd turnaj A na \u010dom si pochutn\u00e1te Vy aj<a class=\"moretag\" href=\"https:\/\/cachtickyhrad.eu\/en\/den-deti-maok\/\"> zobrazi\u0165 cel\u00fd \u010dl\u00e1nok&#8230;<\/a><\/p>","protected":false},"author":1,"featured_media":1292,"comment_status":"closed","ping_status":"open","sticky":false,"template":"","format":"standard","meta":{"ngg_post_thumbnail":0,"footnotes":""},"categories":[8],"tags":[],"class_list":["post-1289","post","type-post","status-publish","format-standard","has-post-thumbnail","hentry","category-podujatia"],"yoast_head":"<!-- This site is optimized with the Yoast SEO plugin v27.1.1 - https:\/\/yoast.com\/product\/yoast-seo-wordpress\/ -->\n<title>Den det\u00ed\/MAOK - \u010cachtick\u00fd hrad<\/title>\n<meta name=\"description\" content=\"8.6 - 9.6.2019 od 10:00 do 18:00. Na \u010do sa m\u00f4\u017eete te\u0161i\u0165? R\u00f4zne atrakcie pre deti.Na\u0161i sprievodcovia V\u00e1s preved\u00fa hradom.9. j\u00fan - Castrum Bathory lukostreleck\u00fd turnaj. A na \u010dom si pochutn\u00e1te Vy aj Va\u0161i rodi\u010dia ? Na Kr\u00e1\u013eovskej \u010dokol\u00e1de, ovocn\u00fdch v\u00ednkach od Ovocin\u00e1ra zo Skalice, chutnej k\u00e1vi\u010dke, pra\u017een\u00fdch orie\u0161koch v\u00a0karameli a mnoh\u00fdch in\u00fdch dobrot\u00e1ch.Sobota 8. j\u00fana 2019 o 20:00 \u2013 22:00 - n\u00e1s \u010dak\u00e1 vyst\u00fapenie MAOK na \u010cachtickom hrade po zotmen\u00ed\" \/>\n<meta name=\"robots\" content=\"index, follow, max-snippet:-1, max-image-preview:large, max-video-preview:-1\" \/>\n<link rel=\"canonical\" href=\"https:\/\/cachtickyhrad.eu\/en\/den-deti-maok\/\" \/>\n<meta property=\"og:locale\" content=\"en_GB\" \/>\n<meta property=\"og:type\" content=\"article\" \/>\n<meta property=\"og:title\" content=\"Den det\u00ed\/MAOK - \u010cachtick\u00fd hrad\" \/>\n<meta property=\"og:description\" content=\"8.6 - 9.6.2019 od 10:00 do 18:00. Na \u010do sa m\u00f4\u017eete te\u0161i\u0165? R\u00f4zne atrakcie pre deti.Na\u0161i sprievodcovia V\u00e1s preved\u00fa hradom.9. j\u00fan - Castrum Bathory lukostreleck\u00fd turnaj. A na \u010dom si pochutn\u00e1te Vy aj Va\u0161i rodi\u010dia ? Na Kr\u00e1\u013eovskej \u010dokol\u00e1de, ovocn\u00fdch v\u00ednkach od Ovocin\u00e1ra zo Skalice, chutnej k\u00e1vi\u010dke, pra\u017een\u00fdch orie\u0161koch v\u00a0karameli a mnoh\u00fdch in\u00fdch dobrot\u00e1ch.Sobota 8. j\u00fana 2019 o 20:00 \u2013 22:00 - n\u00e1s \u010dak\u00e1 vyst\u00fapenie MAOK na \u010cachtickom hrade po zotmen\u00ed\" \/>\n<meta property=\"og:url\" content=\"https:\/\/cachtickyhrad.eu\/en\/den-deti-maok\/\" \/>\n<meta property=\"og:site_name\" content=\"\u010cachtick\u00fd hrad\" \/>\n<meta property=\"article:publisher\" content=\"https:\/\/www.facebook.com\/Cachtickyhrad\/\" \/>\n<meta property=\"article:published_time\" content=\"2019-05-30T18:36:51+00:00\" \/>\n<meta property=\"article:modified_time\" content=\"2019-05-30T18:42:06+00:00\" \/>\n<meta property=\"og:image\" content=\"https:\/\/cachtickyhrad.eu\/wp-content\/uploads\/2019\/05\/MDD_Maok_2019_hrad_fb.jpg\" \/>\n\t<meta property=\"og:image:width\" content=\"1200\" \/>\n\t<meta property=\"og:image:height\" content=\"877\" \/>\n\t<meta property=\"og:image:type\" content=\"image\/jpeg\" \/>\n<meta name=\"author\" content=\"admin\" \/>\n<meta name=\"twitter:card\" content=\"summary_large_image\" \/>\n<meta name=\"twitter:label1\" content=\"Written by\" \/>\n\t<meta name=\"twitter:data1\" content=\"admin\" \/>\n\t<meta name=\"twitter:label2\" content=\"Estimated reading time\" \/>\n\t<meta name=\"twitter:data2\" content=\"1 minute\" \/>\n<script type=\"application\/ld+json\" class=\"yoast-schema-graph\">{\"@context\":\"https:\/\/schema.org\",\"@graph\":[{\"@type\":\"Article\",\"@id\":\"https:\/\/cachtickyhrad.eu\/en\/den-deti-maok\/#article\",\"isPartOf\":{\"@id\":\"https:\/\/cachtickyhrad.eu\/en\/den-deti-maok\/\"},\"author\":{\"name\":\"admin\",\"@id\":\"https:\/\/cachtickyhrad.eu\/#\/schema\/person\/7925084c7730f6d1f6c0a885a4d61809\"},\"headline\":\"Den det\u00ed\/MAOK\",\"datePublished\":\"2019-05-30T18:36:51+00:00\",\"dateModified\":\"2019-05-30T18:42:06+00:00\",\"mainEntityOfPage\":{\"@id\":\"https:\/\/cachtickyhrad.eu\/en\/den-deti-maok\/\"},\"wordCount\":131,\"publisher\":{\"@id\":\"https:\/\/cachtickyhrad.eu\/#organization\"},\"image\":{\"@id\":\"https:\/\/cachtickyhrad.eu\/en\/den-deti-maok\/#primaryimage\"},\"thumbnailUrl\":\"https:\/\/cachtickyhrad.eu\/wp-content\/uploads\/2019\/05\/MDD_Maok_2019_hrad_fb.jpg\",\"articleSection\":[\"podujatia\"],\"inLanguage\":\"en-GB\"},{\"@type\":\"WebPage\",\"@id\":\"https:\/\/cachtickyhrad.eu\/en\/den-deti-maok\/\",\"url\":\"https:\/\/cachtickyhrad.eu\/en\/den-deti-maok\/\",\"name\":\"Den det\u00ed\/MAOK - \u010cachtick\u00fd hrad\",\"isPartOf\":{\"@id\":\"https:\/\/cachtickyhrad.eu\/#website\"},\"primaryImageOfPage\":{\"@id\":\"https:\/\/cachtickyhrad.eu\/en\/den-deti-maok\/#primaryimage\"},\"image\":{\"@id\":\"https:\/\/cachtickyhrad.eu\/en\/den-deti-maok\/#primaryimage\"},\"thumbnailUrl\":\"https:\/\/cachtickyhrad.eu\/wp-content\/uploads\/2019\/05\/MDD_Maok_2019_hrad_fb.jpg\",\"datePublished\":\"2019-05-30T18:36:51+00:00\",\"dateModified\":\"2019-05-30T18:42:06+00:00\",\"description\":\"8.6 - 9.6.2019 od 10:00 do 18:00. Na \u010do sa m\u00f4\u017eete te\u0161i\u0165? R\u00f4zne atrakcie pre deti.Na\u0161i sprievodcovia V\u00e1s preved\u00fa hradom.9. j\u00fan - Castrum Bathory lukostreleck\u00fd turnaj. A na \u010dom si pochutn\u00e1te Vy aj Va\u0161i rodi\u010dia ? Na Kr\u00e1\u013eovskej \u010dokol\u00e1de, ovocn\u00fdch v\u00ednkach od Ovocin\u00e1ra zo Skalice, chutnej k\u00e1vi\u010dke, pra\u017een\u00fdch orie\u0161koch v\u00a0karameli a mnoh\u00fdch in\u00fdch dobrot\u00e1ch.Sobota 8. j\u00fana 2019 o 20:00 \u2013 22:00 - n\u00e1s \u010dak\u00e1 vyst\u00fapenie MAOK na \u010cachtickom hrade po zotmen\u00ed\",\"breadcrumb\":{\"@id\":\"https:\/\/cachtickyhrad.eu\/en\/den-deti-maok\/#breadcrumb\"},\"inLanguage\":\"en-GB\",\"potentialAction\":[{\"@type\":\"ReadAction\",\"target\":[\"https:\/\/cachtickyhrad.eu\/en\/den-deti-maok\/\"]}]},{\"@type\":\"ImageObject\",\"inLanguage\":\"en-GB\",\"@id\":\"https:\/\/cachtickyhrad.eu\/en\/den-deti-maok\/#primaryimage\",\"url\":\"https:\/\/cachtickyhrad.eu\/wp-content\/uploads\/2019\/05\/MDD_Maok_2019_hrad_fb.jpg\",\"contentUrl\":\"https:\/\/cachtickyhrad.eu\/wp-content\/uploads\/2019\/05\/MDD_Maok_2019_hrad_fb.jpg\",\"width\":1200,\"height\":877},{\"@type\":\"BreadcrumbList\",\"@id\":\"https:\/\/cachtickyhrad.eu\/en\/den-deti-maok\/#breadcrumb\",\"itemListElement\":[{\"@type\":\"ListItem\",\"position\":1,\"name\":\"Home\",\"item\":\"https:\/\/cachtickyhrad.eu\/\"},{\"@type\":\"ListItem\",\"position\":2,\"name\":\"Den det\u00ed\/MAOK\"}]},{\"@type\":\"WebSite\",\"@id\":\"https:\/\/cachtickyhrad.eu\/#website\",\"url\":\"https:\/\/cachtickyhrad.eu\/\",\"name\":\"\u010cachtick\u00fd hrad\",\"description\":\"Ofici\u00e1lna str\u00e1nka\",\"publisher\":{\"@id\":\"https:\/\/cachtickyhrad.eu\/#organization\"},\"potentialAction\":[{\"@type\":\"SearchAction\",\"target\":{\"@type\":\"EntryPoint\",\"urlTemplate\":\"https:\/\/cachtickyhrad.eu\/?s={search_term_string}\"},\"query-input\":{\"@type\":\"PropertyValueSpecification\",\"valueRequired\":true,\"valueName\":\"search_term_string\"}}],\"inLanguage\":\"en-GB\"},{\"@type\":\"Organization\",\"@id\":\"https:\/\/cachtickyhrad.eu\/#organization\",\"name\":\"\u010cachtick\u00fd hrad\",\"url\":\"https:\/\/cachtickyhrad.eu\/\",\"logo\":{\"@type\":\"ImageObject\",\"inLanguage\":\"en-GB\",\"@id\":\"https:\/\/cachtickyhrad.eu\/#\/schema\/logo\/image\/\",\"url\":\"https:\/\/cachtickyhrad.eu\/wp-content\/uploads\/2021\/06\/logo_web.png\",\"contentUrl\":\"https:\/\/cachtickyhrad.eu\/wp-content\/uploads\/2021\/06\/logo_web.png\",\"width\":1000,\"height\":219,\"caption\":\"\u010cachtick\u00fd hrad\"},\"image\":{\"@id\":\"https:\/\/cachtickyhrad.eu\/#\/schema\/logo\/image\/\"},\"sameAs\":[\"https:\/\/www.facebook.com\/Cachtickyhrad\/\",\"https:\/\/www.instagram.com\/cachtice.hrad\/\"]},{\"@type\":\"Person\",\"@id\":\"https:\/\/cachtickyhrad.eu\/#\/schema\/person\/7925084c7730f6d1f6c0a885a4d61809\",\"name\":\"admin\",\"image\":{\"@type\":\"ImageObject\",\"inLanguage\":\"en-GB\",\"@id\":\"https:\/\/cachtickyhrad.eu\/#\/schema\/person\/image\/\",\"url\":\"https:\/\/secure.gravatar.com\/avatar\/3fd78e0e2989cd3ec39793ef2246a3929883ab5b6c771a67dc8d0241add3a9e9?s=96&d=mm&r=g\",\"contentUrl\":\"https:\/\/secure.gravatar.com\/avatar\/3fd78e0e2989cd3ec39793ef2246a3929883ab5b6c771a67dc8d0241add3a9e9?s=96&d=mm&r=g\",\"caption\":\"admin\"}}]}<\/script>\n<!-- \/ Yoast SEO plugin. -->","yoast_head_json":{"title":"Den det\u00ed\/MAOK - \u010cachtick\u00fd hrad","description":"8.6 - 9.6.2019 od 10:00 do 18:00. Na \u010do sa m\u00f4\u017eete te\u0161i\u0165? R\u00f4zne atrakcie pre deti.Na\u0161i sprievodcovia V\u00e1s preved\u00fa hradom.9. j\u00fan - Castrum Bathory lukostreleck\u00fd turnaj. A na \u010dom si pochutn\u00e1te Vy aj Va\u0161i rodi\u010dia ? Na Kr\u00e1\u013eovskej \u010dokol\u00e1de, ovocn\u00fdch v\u00ednkach od Ovocin\u00e1ra zo Skalice, chutnej k\u00e1vi\u010dke, pra\u017een\u00fdch orie\u0161koch v\u00a0karameli a mnoh\u00fdch in\u00fdch dobrot\u00e1ch.Sobota 8. j\u00fana 2019 o 20:00 \u2013 22:00 - n\u00e1s \u010dak\u00e1 vyst\u00fapenie MAOK na \u010cachtickom hrade po zotmen\u00ed","robots":{"index":"index","follow":"follow","max-snippet":"max-snippet:-1","max-image-preview":"max-image-preview:large","max-video-preview":"max-video-preview:-1"},"canonical":"https:\/\/cachtickyhrad.eu\/en\/den-deti-maok\/","og_locale":"en_GB","og_type":"article","og_title":"Den det\u00ed\/MAOK - \u010cachtick\u00fd hrad","og_description":"8.6 - 9.6.2019 od 10:00 do 18:00. Na \u010do sa m\u00f4\u017eete te\u0161i\u0165? R\u00f4zne atrakcie pre deti.Na\u0161i sprievodcovia V\u00e1s preved\u00fa hradom.9. j\u00fan - Castrum Bathory lukostreleck\u00fd turnaj. A na \u010dom si pochutn\u00e1te Vy aj Va\u0161i rodi\u010dia ? Na Kr\u00e1\u013eovskej \u010dokol\u00e1de, ovocn\u00fdch v\u00ednkach od Ovocin\u00e1ra zo Skalice, chutnej k\u00e1vi\u010dke, pra\u017een\u00fdch orie\u0161koch v\u00a0karameli a mnoh\u00fdch in\u00fdch dobrot\u00e1ch.Sobota 8. j\u00fana 2019 o 20:00 \u2013 22:00 - n\u00e1s \u010dak\u00e1 vyst\u00fapenie MAOK na \u010cachtickom hrade po zotmen\u00ed","og_url":"https:\/\/cachtickyhrad.eu\/en\/den-deti-maok\/","og_site_name":"\u010cachtick\u00fd hrad","article_publisher":"https:\/\/www.facebook.com\/Cachtickyhrad\/","article_published_time":"2019-05-30T18:36:51+00:00","article_modified_time":"2019-05-30T18:42:06+00:00","og_image":[{"width":1200,"height":877,"url":"https:\/\/cachtickyhrad.eu\/wp-content\/uploads\/2019\/05\/MDD_Maok_2019_hrad_fb.jpg","type":"image\/jpeg"}],"author":"admin","twitter_card":"summary_large_image","twitter_misc":{"Written by":"admin","Estimated reading time":"1 minute"},"schema":{"@context":"https:\/\/schema.org","@graph":[{"@type":"Article","@id":"https:\/\/cachtickyhrad.eu\/en\/den-deti-maok\/#article","isPartOf":{"@id":"https:\/\/cachtickyhrad.eu\/en\/den-deti-maok\/"},"author":{"name":"admin","@id":"https:\/\/cachtickyhrad.eu\/#\/schema\/person\/7925084c7730f6d1f6c0a885a4d61809"},"headline":"Den det\u00ed\/MAOK","datePublished":"2019-05-30T18:36:51+00:00","dateModified":"2019-05-30T18:42:06+00:00","mainEntityOfPage":{"@id":"https:\/\/cachtickyhrad.eu\/en\/den-deti-maok\/"},"wordCount":131,"publisher":{"@id":"https:\/\/cachtickyhrad.eu\/#organization"},"image":{"@id":"https:\/\/cachtickyhrad.eu\/en\/den-deti-maok\/#primaryimage"},"thumbnailUrl":"https:\/\/cachtickyhrad.eu\/wp-content\/uploads\/2019\/05\/MDD_Maok_2019_hrad_fb.jpg","articleSection":["podujatia"],"inLanguage":"en-GB"},{"@type":"WebPage","@id":"https:\/\/cachtickyhrad.eu\/en\/den-deti-maok\/","url":"https:\/\/cachtickyhrad.eu\/en\/den-deti-maok\/","name":"Den det\u00ed\/MAOK - \u010cachtick\u00fd hrad","isPartOf":{"@id":"https:\/\/cachtickyhrad.eu\/#website"},"primaryImageOfPage":{"@id":"https:\/\/cachtickyhrad.eu\/en\/den-deti-maok\/#primaryimage"},"image":{"@id":"https:\/\/cachtickyhrad.eu\/en\/den-deti-maok\/#primaryimage"},"thumbnailUrl":"https:\/\/cachtickyhrad.eu\/wp-content\/uploads\/2019\/05\/MDD_Maok_2019_hrad_fb.jpg","datePublished":"2019-05-30T18:36:51+00:00","dateModified":"2019-05-30T18:42:06+00:00","description":"8.6 - 9.6.2019 od 10:00 do 18:00. Na \u010do sa m\u00f4\u017eete te\u0161i\u0165? R\u00f4zne atrakcie pre deti.Na\u0161i sprievodcovia V\u00e1s preved\u00fa hradom.9. j\u00fan - Castrum Bathory lukostreleck\u00fd turnaj. A na \u010dom si pochutn\u00e1te Vy aj Va\u0161i rodi\u010dia ? Na Kr\u00e1\u013eovskej \u010dokol\u00e1de, ovocn\u00fdch v\u00ednkach od Ovocin\u00e1ra zo Skalice, chutnej k\u00e1vi\u010dke, pra\u017een\u00fdch orie\u0161koch v\u00a0karameli a mnoh\u00fdch in\u00fdch dobrot\u00e1ch.Sobota 8. j\u00fana 2019 o 20:00 \u2013 22:00 - n\u00e1s \u010dak\u00e1 vyst\u00fapenie MAOK na \u010cachtickom hrade po zotmen\u00ed","breadcrumb":{"@id":"https:\/\/cachtickyhrad.eu\/en\/den-deti-maok\/#breadcrumb"},"inLanguage":"en-GB","potentialAction":[{"@type":"ReadAction","target":["https:\/\/cachtickyhrad.eu\/en\/den-deti-maok\/"]}]},{"@type":"ImageObject","inLanguage":"en-GB","@id":"https:\/\/cachtickyhrad.eu\/en\/den-deti-maok\/#primaryimage","url":"https:\/\/cachtickyhrad.eu\/wp-content\/uploads\/2019\/05\/MDD_Maok_2019_hrad_fb.jpg","contentUrl":"https:\/\/cachtickyhrad.eu\/wp-content\/uploads\/2019\/05\/MDD_Maok_2019_hrad_fb.jpg","width":1200,"height":877},{"@type":"BreadcrumbList","@id":"https:\/\/cachtickyhrad.eu\/en\/den-deti-maok\/#breadcrumb","itemListElement":[{"@type":"ListItem","position":1,"name":"Home","item":"https:\/\/cachtickyhrad.eu\/"},{"@type":"ListItem","position":2,"name":"Den det\u00ed\/MAOK"}]},{"@type":"WebSite","@id":"https:\/\/cachtickyhrad.eu\/#website","url":"https:\/\/cachtickyhrad.eu\/","name":"\u010cachtice castle","description":"Official page","publisher":{"@id":"https:\/\/cachtickyhrad.eu\/#organization"},"potentialAction":[{"@type":"SearchAction","target":{"@type":"EntryPoint","urlTemplate":"https:\/\/cachtickyhrad.eu\/?s={search_term_string}"},"query-input":{"@type":"PropertyValueSpecification","valueRequired":true,"valueName":"search_term_string"}}],"inLanguage":"en-GB"},{"@type":"Organization","@id":"https:\/\/cachtickyhrad.eu\/#organization","name":"\u010cachtice castle","url":"https:\/\/cachtickyhrad.eu\/","logo":{"@type":"ImageObject","inLanguage":"en-GB","@id":"https:\/\/cachtickyhrad.eu\/#\/schema\/logo\/image\/","url":"https:\/\/cachtickyhrad.eu\/wp-content\/uploads\/2021\/06\/logo_web.png","contentUrl":"https:\/\/cachtickyhrad.eu\/wp-content\/uploads\/2021\/06\/logo_web.png","width":1000,"height":219,"caption":"\u010cachtick\u00fd hrad"},"image":{"@id":"https:\/\/cachtickyhrad.eu\/#\/schema\/logo\/image\/"},"sameAs":["https:\/\/www.facebook.com\/Cachtickyhrad\/","https:\/\/www.instagram.com\/cachtice.hrad\/"]},{"@type":"Person","@id":"https:\/\/cachtickyhrad.eu\/#\/schema\/person\/7925084c7730f6d1f6c0a885a4d61809","name":"admin","image":{"@type":"ImageObject","inLanguage":"en-GB","@id":"https:\/\/cachtickyhrad.eu\/#\/schema\/person\/image\/","url":"https:\/\/secure.gravatar.com\/avatar\/3fd78e0e2989cd3ec39793ef2246a3929883ab5b6c771a67dc8d0241add3a9e9?s=96&d=mm&r=g","contentUrl":"https:\/\/secure.gravatar.com\/avatar\/3fd78e0e2989cd3ec39793ef2246a3929883ab5b6c771a67dc8d0241add3a9e9?s=96&d=mm&r=g","caption":"admin"}}]}},"_links":{"self":[{"href":"https:\/\/cachtickyhrad.eu\/en\/wp-json\/wp\/v2\/posts\/1289","targetHints":{"allow":["GET"]}}],"collection":[{"href":"https:\/\/cachtickyhrad.eu\/en\/wp-json\/wp\/v2\/posts"}],"about":[{"href":"https:\/\/cachtickyhrad.eu\/en\/wp-json\/wp\/v2\/types\/post"}],"author":[{"embeddable":true,"href":"https:\/\/cachtickyhrad.eu\/en\/wp-json\/wp\/v2\/users\/1"}],"replies":[{"embeddable":true,"href":"https:\/\/cachtickyhrad.eu\/en\/wp-json\/wp\/v2\/comments?post=1289"}],"version-history":[{"count":2,"href":"https:\/\/cachtickyhrad.eu\/en\/wp-json\/wp\/v2\/posts\/1289\/revisions"}],"predecessor-version":[{"id":1294,"href":"https:\/\/cachtickyhrad.eu\/en\/wp-json\/wp\/v2\/posts\/1289\/revisions\/1294"}],"wp:featuredmedia":[{"embeddable":true,"href":"https:\/\/cachtickyhrad.eu\/en\/wp-json\/wp\/v2\/media\/1292"}],"wp:attachment":[{"href":"https:\/\/cachtickyhrad.eu\/en\/wp-json\/wp\/v2\/media?parent=1289"}],"wp:term":[{"taxonomy":"category","embeddable":true,"href":"https:\/\/cachtickyhrad.eu\/en\/wp-json\/wp\/v2\/categories?post=1289"},{"taxonomy":"post_tag","embeddable":true,"href":"https:\/\/cachtickyhrad.eu\/en\/wp-json\/wp\/v2\/tags?post=1289"}],"curies":[{"name":"wp","href":"https:\/\/api.w.org\/{rel}","templated":true}]}}